{"id":6061,"date":"2016-09-01T08:24:04","date_gmt":"2016-09-01T07:24:04","guid":{"rendered":"https:\/\/coaching-lauer.de\/vdi-nachrichten-recruiting-tag\/"},"modified":"2017-12-01T08:28:00","modified_gmt":"2017-12-01T07:28:00","slug":"vdi-nachrichten-recruiting-tag","status":"publish","type":"post","link":"https:\/\/coaching-lauer.de\/en\/vdi-nachrichten-recruiting-tag\/","title":{"rendered":"VDI nachrichten recruiting tag"},"content":{"rendered":"<p><a href=\"https:\/\/hglauer.com\/wp-content\/uploads\/2016\/09\/vdiNachrichtenRecruitingTag.png\"><img loading=\"lazy\" decoding=\"async\" class=\"size-full wp-image-3915 aligncenter\" src=\"https:\/\/hglauer.com\/wp-content\/uploads\/2016\/09\/vdiNachrichtenRecruitingTag.png\" alt=\"VDI Recruiting Tag\" width=\"1024\" height=\"300\" \/><\/a><\/p>\n<p>&nbsp;<\/p>\n<p>VDI nachrichten recruiting tag am 2. September in Dortmund &#8211; die Karrieremesse f\u00fcr Ingenieure, die sich aktuell mit Stellenwechsel und Karriere besch\u00e4ftigt &#8211; mit einem <strong>Vortrag<\/strong> von mir zum Thema <strong>Selbstmarketing<\/strong> f\u00fcr Berufseinsteiger.<br \/>\n<u><a href=\"http:\/\/www.ingenieurkarriere.de\/recruiting-tag\/dortmund\">http:\/\/www.ingenieurkarriere.de\/recruiting-tag\/dortmund<\/a><\/u><\/p>\n<p>&nbsp;<\/p>\n<h3><strong>Themen<\/strong><\/h3>\n<ul>\n<li>Die Kunst der Selbstvermarktung<\/li>\n<li>Die Marke \u201eIch\u201c<\/li>\n<li>Was treibt mich an?<\/li>\n<li>Was sind meine St\u00e4rken und zu welchem Berufsfeld \/ Arbeitgeber passe ich?<\/li>\n<li>Wie pr\u00e4sentiere ich mich richtig?<\/li>\n<li>Was macht ein gelungenes Vorstellungsgespr\u00e4ch aus?<\/li>\n<\/ul>\n<p>&nbsp;<\/p>\n<h1><u>Business Coach \u2013 Hans-Georg Lauer, Coaching und Consulting K\u00f6ln<\/u><\/h1>\n<p>Ich arbeite mit Klienten aus Unternehmen, mit Fach- und F\u00fchrungskr\u00e4ften, Selbstst\u00e4ndigen und Freiberuflern<\/p>\n<p>Hans-Georg Lauer<\/p>\n<p>Coach in K\u00f6ln<\/p>\n<p><span style=\"text-decoration: underline;\"><a href=\"https:\/\/hglauer.com\">hglauer.com<\/a><\/span><\/p>\n","protected":false},"excerpt":{"rendered":"<p>VDI nachrichten Recruitingtag am 2. September in Dortmund &#8211; die Karrieremesse f\u00fcr Ingenieure, die sich aktuell mit Stellenwechsel und Karriere besch\u00e4ftigen &#8211; mit einem Vortrag von mir zum Thema Selbstmarketing f\u00fcr Berufseinsteiger.<\/p>\n","protected":false},"author":1,"featured_media":3919,"comment_status":"closed","ping_status":"closed","sticky":false,"template":"","format":"standard","meta":{"_acf_changed":false,"_et_pb_use_builder":"on","_et_pb_old_content":"","_et_gb_content_width":"","inline_featured_image":false,"footnotes":""},"categories":[161],"tags":[262,263,225,227,171,216,264,265,266,164,267,167,240,268,269,270,271,169,272,273,235,237,274],"acf":[],"yoast_head":"<!-- This site is optimized with the Yoast SEO plugin v23.0 - https:\/\/yoast.com\/wordpress\/plugins\/seo\/ -->\n<title>VDI nachrichten recruiting tag | Coaching K\u00f6ln | Hans-Georg Lauer<\/title>\n<meta name=\"description\" content=\"VDI nachrichten recruiting tag am 2. September in Dortmund - Mit einem Vortrag zum Thema Selbstmarketing f\u00fcr Berufseinsteiger von Hans Georg Lauer.\" \/>\n<meta name=\"robots\" content=\"index, follow, max-snippet:-1, max-image-preview:large, max-video-preview:-1\" \/>\n<link rel=\"canonical\" href=\"https:\/\/coaching-lauer.de\/vdi-nachrichten-recruiting-tag\/\" \/>\n<meta property=\"og:locale\" content=\"en_US\" \/>\n<meta property=\"og:type\" content=\"article\" \/>\n<meta property=\"og:title\" content=\"VDI nachrichten recruiting tag | Coaching K\u00f6ln | Hans-Georg Lauer\" \/>\n<meta property=\"og:description\" content=\"VDI nachrichten recruiting tag am 2. September in Dortmund - Mit einem Vortrag zum Thema Selbstmarketing f\u00fcr Berufseinsteiger von Hans Georg Lauer.\" \/>\n<meta property=\"og:url\" content=\"https:\/\/coaching-lauer.de\/vdi-nachrichten-recruiting-tag\/\" \/>\n<meta property=\"og:site_name\" content=\"Hans-Georg Lauer\" \/>\n<meta property=\"article:published_time\" content=\"2016-09-01T07:24:04+00:00\" \/>\n<meta property=\"article:modified_time\" content=\"2017-12-01T07:28:00+00:00\" \/>\n<meta property=\"og:image\" content=\"https:\/\/coaching-lauer.de\/wp-content\/uploads\/2016\/09\/VDI-Vorschau.png\" \/>\n\t<meta property=\"og:image:width\" content=\"800\" \/>\n\t<meta property=\"og:image:height\" content=\"234\" \/>\n\t<meta property=\"og:image:type\" content=\"image\/png\" \/>\n<meta name=\"author\" content=\"Hans-Georg Lauer\" \/>\n<meta name=\"twitter:card\" content=\"summary_large_image\" \/>\n<meta name=\"twitter:label1\" content=\"Written by\" \/>\n\t<meta name=\"twitter:data1\" content=\"Hans-Georg Lauer\" \/>\n\t<meta name=\"twitter:label2\" content=\"Est. reading time\" \/>\n\t<meta name=\"twitter:data2\" content=\"1 minute\" \/>\n<script type=\"application\/ld+json\" class=\"yoast-schema-graph\">{\"@context\":\"https:\/\/schema.org\",\"@graph\":[{\"@type\":\"WebPage\",\"@id\":\"https:\/\/coaching-lauer.de\/vdi-nachrichten-recruiting-tag\/\",\"url\":\"https:\/\/coaching-lauer.de\/vdi-nachrichten-recruiting-tag\/\",\"name\":\"VDI nachrichten recruiting tag | Coaching K\u00f6ln | Hans-Georg Lauer\",\"isPartOf\":{\"@id\":\"https:\/\/coaching-lauer.de\/#website\"},\"primaryImageOfPage\":{\"@id\":\"https:\/\/coaching-lauer.de\/vdi-nachrichten-recruiting-tag\/#primaryimage\"},\"image\":{\"@id\":\"https:\/\/coaching-lauer.de\/vdi-nachrichten-recruiting-tag\/#primaryimage\"},\"thumbnailUrl\":\"https:\/\/coaching-lauer.de\/wp-content\/uploads\/2016\/09\/VDI-Vorschau.png\",\"datePublished\":\"2016-09-01T07:24:04+00:00\",\"dateModified\":\"2017-12-01T07:28:00+00:00\",\"author\":{\"@id\":\"https:\/\/coaching-lauer.de\/#\/schema\/person\/a343091cf62da4b1a67c352ef0c851dd\"},\"description\":\"VDI nachrichten recruiting tag am 2. September in Dortmund - Mit einem Vortrag zum Thema Selbstmarketing f\u00fcr Berufseinsteiger von Hans Georg Lauer.\",\"breadcrumb\":{\"@id\":\"https:\/\/coaching-lauer.de\/vdi-nachrichten-recruiting-tag\/#breadcrumb\"},\"inLanguage\":\"en-US\",\"potentialAction\":[{\"@type\":\"ReadAction\",\"target\":[\"https:\/\/coaching-lauer.de\/vdi-nachrichten-recruiting-tag\/\"]}]},{\"@type\":\"ImageObject\",\"inLanguage\":\"en-US\",\"@id\":\"https:\/\/coaching-lauer.de\/vdi-nachrichten-recruiting-tag\/#primaryimage\",\"url\":\"https:\/\/coaching-lauer.de\/wp-content\/uploads\/2016\/09\/VDI-Vorschau.png\",\"contentUrl\":\"https:\/\/coaching-lauer.de\/wp-content\/uploads\/2016\/09\/VDI-Vorschau.png\",\"width\":800,\"height\":234,\"caption\":\"VDI Vorschau\"},{\"@type\":\"BreadcrumbList\",\"@id\":\"https:\/\/coaching-lauer.de\/vdi-nachrichten-recruiting-tag\/#breadcrumb\",\"itemListElement\":[{\"@type\":\"ListItem\",\"position\":1,\"name\":\"Startseite\",\"item\":\"https:\/\/coaching-lauer.de\/en\/\"},{\"@type\":\"ListItem\",\"position\":2,\"name\":\"VDI nachrichten recruiting tag\"}]},{\"@type\":\"WebSite\",\"@id\":\"https:\/\/coaching-lauer.de\/#website\",\"url\":\"https:\/\/coaching-lauer.de\/\",\"name\":\"Hans-Georg Lauer\",\"description\":\"Businesscoaching und Karriere-Kickstart\",\"potentialAction\":[{\"@type\":\"SearchAction\",\"target\":{\"@type\":\"EntryPoint\",\"urlTemplate\":\"https:\/\/coaching-lauer.de\/?s={search_term_string}\"},\"query-input\":\"required name=search_term_string\"}],\"inLanguage\":\"en-US\"},{\"@type\":\"Person\",\"@id\":\"https:\/\/coaching-lauer.de\/#\/schema\/person\/a343091cf62da4b1a67c352ef0c851dd\",\"name\":\"Hans-Georg Lauer\",\"url\":\"https:\/\/coaching-lauer.de\/en\/author\/cl\/\"}]}<\/script>\n<!-- \/ Yoast SEO plugin. -->","yoast_head_json":{"title":"VDI nachrichten recruiting tag | Coaching K\u00f6ln | Hans-Georg Lauer","description":"VDI nachrichten recruiting tag am 2. September in Dortmund - Mit einem Vortrag zum Thema Selbstmarketing f\u00fcr Berufseinsteiger von Hans Georg Lauer.","robots":{"index":"index","follow":"follow","max-snippet":"max-snippet:-1","max-image-preview":"max-image-preview:large","max-video-preview":"max-video-preview:-1"},"canonical":"https:\/\/coaching-lauer.de\/vdi-nachrichten-recruiting-tag\/","og_locale":"en_US","og_type":"article","og_title":"VDI nachrichten recruiting tag | Coaching K\u00f6ln | Hans-Georg Lauer","og_description":"VDI nachrichten recruiting tag am 2. September in Dortmund - Mit einem Vortrag zum Thema Selbstmarketing f\u00fcr Berufseinsteiger von Hans Georg Lauer.","og_url":"https:\/\/coaching-lauer.de\/vdi-nachrichten-recruiting-tag\/","og_site_name":"Hans-Georg Lauer","article_published_time":"2016-09-01T07:24:04+00:00","article_modified_time":"2017-12-01T07:28:00+00:00","og_image":[{"width":800,"height":234,"url":"https:\/\/coaching-lauer.de\/wp-content\/uploads\/2016\/09\/VDI-Vorschau.png","type":"image\/png"}],"author":"Hans-Georg Lauer","twitter_card":"summary_large_image","twitter_misc":{"Written by":"Hans-Georg Lauer","Est. reading time":"1 minute"},"schema":{"@context":"https:\/\/schema.org","@graph":[{"@type":"WebPage","@id":"https:\/\/coaching-lauer.de\/vdi-nachrichten-recruiting-tag\/","url":"https:\/\/coaching-lauer.de\/vdi-nachrichten-recruiting-tag\/","name":"VDI nachrichten recruiting tag | Coaching K\u00f6ln | Hans-Georg Lauer","isPartOf":{"@id":"https:\/\/coaching-lauer.de\/#website"},"primaryImageOfPage":{"@id":"https:\/\/coaching-lauer.de\/vdi-nachrichten-recruiting-tag\/#primaryimage"},"image":{"@id":"https:\/\/coaching-lauer.de\/vdi-nachrichten-recruiting-tag\/#primaryimage"},"thumbnailUrl":"https:\/\/coaching-lauer.de\/wp-content\/uploads\/2016\/09\/VDI-Vorschau.png","datePublished":"2016-09-01T07:24:04+00:00","dateModified":"2017-12-01T07:28:00+00:00","author":{"@id":"https:\/\/coaching-lauer.de\/#\/schema\/person\/a343091cf62da4b1a67c352ef0c851dd"},"description":"VDI nachrichten recruiting tag am 2. September in Dortmund - Mit einem Vortrag zum Thema Selbstmarketing f\u00fcr Berufseinsteiger von Hans Georg Lauer.","breadcrumb":{"@id":"https:\/\/coaching-lauer.de\/vdi-nachrichten-recruiting-tag\/#breadcrumb"},"inLanguage":"en-US","potentialAction":[{"@type":"ReadAction","target":["https:\/\/coaching-lauer.de\/vdi-nachrichten-recruiting-tag\/"]}]},{"@type":"ImageObject","inLanguage":"en-US","@id":"https:\/\/coaching-lauer.de\/vdi-nachrichten-recruiting-tag\/#primaryimage","url":"https:\/\/coaching-lauer.de\/wp-content\/uploads\/2016\/09\/VDI-Vorschau.png","contentUrl":"https:\/\/coaching-lauer.de\/wp-content\/uploads\/2016\/09\/VDI-Vorschau.png","width":800,"height":234,"caption":"VDI Vorschau"},{"@type":"BreadcrumbList","@id":"https:\/\/coaching-lauer.de\/vdi-nachrichten-recruiting-tag\/#breadcrumb","itemListElement":[{"@type":"ListItem","position":1,"name":"Startseite","item":"https:\/\/coaching-lauer.de\/en\/"},{"@type":"ListItem","position":2,"name":"VDI nachrichten recruiting tag"}]},{"@type":"WebSite","@id":"https:\/\/coaching-lauer.de\/#website","url":"https:\/\/coaching-lauer.de\/","name":"Hans-Georg Lauer","description":"Businesscoaching und Karriere-Kickstart","potentialAction":[{"@type":"SearchAction","target":{"@type":"EntryPoint","urlTemplate":"https:\/\/coaching-lauer.de\/?s={search_term_string}"},"query-input":"required name=search_term_string"}],"inLanguage":"en-US"},{"@type":"Person","@id":"https:\/\/coaching-lauer.de\/#\/schema\/person\/a343091cf62da4b1a67c352ef0c851dd","name":"Hans-Georg Lauer","url":"https:\/\/coaching-lauer.de\/en\/author\/cl\/"}]}},"_links":{"self":[{"href":"https:\/\/coaching-lauer.de\/en\/wp-json\/wp\/v2\/posts\/6061"}],"collection":[{"href":"https:\/\/coaching-lauer.de\/en\/wp-json\/wp\/v2\/posts"}],"about":[{"href":"https:\/\/coaching-lauer.de\/en\/wp-json\/wp\/v2\/types\/post"}],"author":[{"embeddable":true,"href":"https:\/\/coaching-lauer.de\/en\/wp-json\/wp\/v2\/users\/1"}],"replies":[{"embeddable":true,"href":"https:\/\/coaching-lauer.de\/en\/wp-json\/wp\/v2\/comments?post=6061"}],"version-history":[{"count":1,"href":"https:\/\/coaching-lauer.de\/en\/wp-json\/wp\/v2\/posts\/6061\/revisions"}],"predecessor-version":[{"id":6062,"href":"https:\/\/coaching-lauer.de\/en\/wp-json\/wp\/v2\/posts\/6061\/revisions\/6062"}],"wp:featuredmedia":[{"embeddable":true,"href":"https:\/\/coaching-lauer.de\/en\/wp-json\/wp\/v2\/media\/3919"}],"wp:attachment":[{"href":"https:\/\/coaching-lauer.de\/en\/wp-json\/wp\/v2\/media?parent=6061"}],"wp:term":[{"taxonomy":"category","embeddable":true,"href":"https:\/\/coaching-lauer.de\/en\/wp-json\/wp\/v2\/categories?post=6061"},{"taxonomy":"post_tag","embeddable":true,"href":"https:\/\/coaching-lauer.de\/en\/wp-json\/wp\/v2\/tags?post=6061"}],"curies":[{"name":"wp","href":"https:\/\/api.w.org\/{rel}","templated":true}]}}